{"id":506,"date":"2018-03-01T07:12:13","date_gmt":"2018-03-01T06:12:13","guid":{"rendered":"http:\/\/www.neuseeland.petra-jung.de\/Wordpress_2\/?p=506"},"modified":"2018-03-01T07:12:13","modified_gmt":"2018-03-01T06:12:13","slug":"28-02-01-03-2018-frankfurt","status":"publish","type":"post","link":"https:\/\/www.neuseeland.petra-jung.de\/Wordpress_2\/blog\/2018\/03\/01\/28-02-01-03-2018-frankfurt\/","title":{"rendered":"28.02.\/01.03.2018 Frankfurt"},"content":{"rendered":"<p>Alles hat prima geklappt. Wir sind mittlerweile im frostigen Frankfurt am Flughafen angekommen und freuen uns nun auf unsere h\u00e4usliche Komfortzone mit eigener K\u00fcche, eigenem Bett und Bad.<\/p>\n<p>So spannend und sch\u00f6n die Zeit in Neuseeland auch war, Freunde und Familie haben uns gefehlt, wir fiebern dem Wiedersehen entgegen.<\/p>\n<p>Allen die unsere Reiseberichte verfolgt haben wollen wir danke sagen und hoffen, es hat ein wenig Spa\u00df gemacht.<\/p>\n","protected":false},"excerpt":{"rendered":"<p>Alles hat prima geklappt. Wir sind mittlerweile im frostigen Frankfurt am Flughafen angekommen und freuen uns nun auf unsere h\u00e4usliche Komfortzone mit eigener K\u00fcche, eigenem Bett und Bad. So spannend und sch\u00f6n die Zeit in Neuseeland auch war, Freunde und &hellip; <a href=\"https:\/\/www.neuseeland.petra-jung.de\/Wordpress_2\/blog\/2018\/03\/01\/28-02-01-03-2018-frankfurt\/\">Weiterlesen <span class=\"meta-nav\">&rarr;<\/span><\/a><\/p>\n","protected":false},"author":1,"featured_media":0,"comment_status":"open","ping_status":"closed","sticky":false,"template":"","format":"standard","meta":{"footnotes":""},"categories":[1],"tags":[],"class_list":["post-506","post","type-post","status-publish","format-standard","hentry","category-allgemein"],"_links":{"self":[{"href":"https:\/\/www.neuseeland.petra-jung.de\/Wordpress_2\/wp-json\/wp\/v2\/posts\/506","targetHints":{"allow":["GET"]}}],"collection":[{"href":"https:\/\/www.neuseeland.petra-jung.de\/Wordpress_2\/wp-json\/wp\/v2\/posts"}],"about":[{"href":"https:\/\/www.neuseeland.petra-jung.de\/Wordpress_2\/wp-json\/wp\/v2\/types\/post"}],"author":[{"embeddable":true,"href":"https:\/\/www.neuseeland.petra-jung.de\/Wordpress_2\/wp-json\/wp\/v2\/users\/1"}],"replies":[{"embeddable":true,"href":"https:\/\/www.neuseeland.petra-jung.de\/Wordpress_2\/wp-json\/wp\/v2\/comments?post=506"}],"version-history":[{"count":1,"href":"https:\/\/www.neuseeland.petra-jung.de\/Wordpress_2\/wp-json\/wp\/v2\/posts\/506\/revisions"}],"predecessor-version":[{"id":507,"href":"https:\/\/www.neuseeland.petra-jung.de\/Wordpress_2\/wp-json\/wp\/v2\/posts\/506\/revisions\/507"}],"wp:attachment":[{"href":"https:\/\/www.neuseeland.petra-jung.de\/Wordpress_2\/wp-json\/wp\/v2\/media?parent=506"}],"wp:term":[{"taxonomy":"category","embeddable":true,"href":"https:\/\/www.neuseeland.petra-jung.de\/Wordpress_2\/wp-json\/wp\/v2\/categories?post=506"},{"taxonomy":"post_tag","embeddable":true,"href":"https:\/\/www.neuseeland.petra-jung.de\/Wordpress_2\/wp-json\/wp\/v2\/tags?post=506"}],"curies":[{"name":"wp","href":"https:\/\/api.w.org\/{rel}","templated":true}]}}